{"id":754,"date":"2023-11-15T16:55:37","date_gmt":"2023-11-15T16:55:37","guid":{"rendered":"https:\/\/shkk.rks-gov.net\/2023\/11\/15\/sherbimi-korrektues-i-kosoves-shpall-konkurs-per-kadet-korrektues-70-vende-pune\/"},"modified":"2023-11-15T16:55:37","modified_gmt":"2023-11-15T16:55:37","slug":"sherbimi-korrektues-i-kosoves-shpall-konkurs-per-kadet-korrektues-70-vende-pune","status":"publish","type":"post","link":"https:\/\/shkk.rks-gov.net\/sr\/2023\/11\/15\/sherbimi-korrektues-i-kosoves-shpall-konkurs-per-kadet-korrektues-70-vende-pune\/","title":{"rendered":"Z\u00ebvend\u00ebsuesi i Drejtorit t\u00eb QKFL-s\u00eb, Bajramaj, ka takuar Kryetaren e Gjykat\u00ebs Themelore t\u00eb Prishtin\u00ebs, Albina Rama Shabani"},"content":{"rendered":"<p>Sot, Z\u00ebvend\u00ebsuesi i Drejtorit t\u00eb Qendr\u00ebs Korrektuese p\u00ebr Femra n\u00eb Lipjan, Dritan Bajramaj, ka pritur n\u00eb takim Kryetaren e Gjykat\u00ebs Themelore t\u00eb Prishtin\u00ebs, Albina Rama Shabani, me t\u00eb cil\u00ebn diskutuan lidhur me \u00e7\u00ebshtje t\u00eb cilat nd\u00ebrlidhen me pun\u00ebn e gjykat\u00ebs dh QKFL-s\u00eb.<\/p>\n<p>S\u00eb bashku me kryetaren, Rama-Shabani, n\u00eb vizit\u00eb ishin tre gjyqtar\u00eb dhe administratori i gjykat\u00ebs.<\/p>\n<p>Bajramaj mir\u00ebpriti vizit\u00ebn e kryetares Rama Shabani dhe gjyqtar\u00ebve, duke e konsideruar si p\u00ebrkrahje p\u00ebr pun\u00ebn e mir\u00eb, me \u00e7 \u2018rast para t\u00eb pranishm\u00ebve prezantoi pun\u00ebn dhe aktivitetet t\u00eb cilat po zhvillohen n\u00eb k\u00ebt\u00eb qend\u00ebr dhe s\u00eb bashku me ta pan\u00eb nga af\u00ebr kushtet e burgosurave, t\u00eb cilat jan\u00eb duke u mbajtur n\u00eb k\u00ebt\u00eb qend\u00ebr.<\/p>\n","protected":false},"excerpt":{"rendered":"<p>Sot, Z\u00ebvend\u00ebsuesi i Drejtorit t\u00eb Qendr\u00ebs Korrektuese p\u00ebr Femra n\u00eb Lipjan, Dritan Bajramaj, ka pritur n\u00eb takim Kryetaren e Gjykat\u00ebs Themelore t\u00eb Prishtin\u00ebs, Albina Rama Shabani, me t\u00eb cil\u00ebn diskutuan lidhur me \u00e7\u00ebshtje t\u00eb cilat nd\u00ebrlidhen me pun\u00ebn e gjykat\u00ebs dh QKFL-s\u00eb. S\u00eb bashku me kryetaren, Rama-Shabani, n\u00eb vizit\u00eb ishin tre gjyqtar\u00eb dhe administratori i [&hellip;]<\/p>\n","protected":false},"author":1,"featured_media":606,"comment_status":"open","ping_status":"open","sticky":false,"template":"","format":"standard","meta":{"footnotes":""},"categories":[6],"tags":[],"class_list":["post-754","post","type-post","status-publish","format-standard","has-post-thumbnail","hentry","category-uncategorized-sr"],"acf":[],"_links":{"self":[{"href":"https:\/\/shkk.rks-gov.net\/sr\/wp-json\/wp\/v2\/posts\/754","targetHints":{"allow":["GET"]}}],"collection":[{"href":"https:\/\/shkk.rks-gov.net\/sr\/wp-json\/wp\/v2\/posts"}],"about":[{"href":"https:\/\/shkk.rks-gov.net\/sr\/wp-json\/wp\/v2\/types\/post"}],"author":[{"embeddable":true,"href":"https:\/\/shkk.rks-gov.net\/sr\/wp-json\/wp\/v2\/users\/1"}],"replies":[{"embeddable":true,"href":"https:\/\/shkk.rks-gov.net\/sr\/wp-json\/wp\/v2\/comments?post=754"}],"version-history":[{"count":0,"href":"https:\/\/shkk.rks-gov.net\/sr\/wp-json\/wp\/v2\/posts\/754\/revisions"}],"wp:featuredmedia":[{"embeddable":true,"href":"https:\/\/shkk.rks-gov.net\/sr\/wp-json\/wp\/v2\/media\/606"}],"wp:attachment":[{"href":"https:\/\/shkk.rks-gov.net\/sr\/wp-json\/wp\/v2\/media?parent=754"}],"wp:term":[{"taxonomy":"category","embeddable":true,"href":"https:\/\/shkk.rks-gov.net\/sr\/wp-json\/wp\/v2\/categories?post=754"},{"taxonomy":"post_tag","embeddable":true,"href":"https:\/\/shkk.rks-gov.net\/sr\/wp-json\/wp\/v2\/tags?post=754"}],"curies":[{"name":"wp","href":"https:\/\/api.w.org\/{rel}","templated":true}]}}