{"id":5874,"date":"2026-04-30T12:12:41","date_gmt":"2026-04-30T12:12:41","guid":{"rendered":"https:\/\/shkk.rks-gov.net\/?p=5874"},"modified":"2026-04-30T12:19:06","modified_gmt":"2026-04-30T12:19:06","slug":"dibrani-docekao-belgijskog-ambasadora-cuveliera-naglasena-saradnja-u-korektivnoj-oblasti","status":"publish","type":"post","link":"https:\/\/shkk.rks-gov.net\/sr\/2026\/04\/30\/dibrani-docekao-belgijskog-ambasadora-cuveliera-naglasena-saradnja-u-korektivnoj-oblasti\/","title":{"rendered":"Dibrani do\u010dekao belgijskog ambasadora Cuveliera, nagla\u0161ena saradnja u korektivnoj oblasti"},"content":{"rendered":"<p data-start=\"1021\" data-end=\"1155\"><strong>Generalni direktor Kosovske korektivne slu\u017ebe, Ismail Dibrani, primio je na sastanku ambasadora Kraljevine Belgije, Gr\u00e9goire Cuvelier.<\/strong><\/p>\n<p data-start=\"1157\" data-end=\"1404\">Tokom sastanka, direktor Dibrani je upoznao ambasadora sa dostignu\u0107ima Kosovske korektivne slu\u017ebe, isti\u010du\u0107i unapre\u0111enje rehabilitacionih programa, pobolj\u0161anje uslova u korektivnim institucijama, kao i posve\u0107enost po\u0161tovanju me\u0111unarodnih standarda.<\/p>\n<p data-start=\"1406\" data-end=\"1656\" data-is-last-node=\"\" data-is-only-node=\"\">Sa druge strane, ambasador Cuvelier je ocenio postignuti napredak i izrazio spremnost za produbljivanje saradnje izme\u0111u Kraljevine Belgije i Kosovske korektivne slu\u017ebe, posebno u oblastima koje se odnose na reforme i razvoj profesionalnih kapaciteta.<\/p>\n<p data-start=\"1406\" data-end=\"1656\" data-is-last-node=\"\" data-is-only-node=\"\">\n<p data-start=\"1406\" data-end=\"1656\" data-is-last-node=\"\" data-is-only-node=\"\"><img loading=\"lazy\" decoding=\"async\" class=\"alignnone size-medium wp-image-5865\" src=\"https:\/\/shkk.rks-gov.net\/wp-content\/uploads\/2026\/04\/foto-1-300x300.jpg\" alt=\"\" width=\"300\" height=\"300\" srcset=\"https:\/\/shkk.rks-gov.net\/wp-content\/uploads\/2026\/04\/foto-1-300x300.jpg 300w, https:\/\/shkk.rks-gov.net\/wp-content\/uploads\/2026\/04\/foto-1-1024x1024.jpg 1024w, https:\/\/shkk.rks-gov.net\/wp-content\/uploads\/2026\/04\/foto-1-150x150.jpg 150w, https:\/\/shkk.rks-gov.net\/wp-content\/uploads\/2026\/04\/foto-1-768x768.jpg 768w, https:\/\/shkk.rks-gov.net\/wp-content\/uploads\/2026\/04\/foto-1.jpg 1280w\" sizes=\"auto, (max-width: 300px) 100vw, 300px\" \/><\/p>\n","protected":false},"excerpt":{"rendered":"<p>Generalni direktor Kosovske korektivne slu\u017ebe, Ismail Dibrani, primio je na sastanku ambasadora Kraljevine Belgije, Gr\u00e9goire Cuvelier. Tokom sastanka, direktor Dibrani je upoznao ambasadora sa dostignu\u0107ima Kosovske korektivne slu\u017ebe, isti\u010du\u0107i unapre\u0111enje rehabilitacionih programa, pobolj\u0161anje uslova u korektivnim institucijama, kao i posve\u0107enost po\u0161tovanju me\u0111unarodnih standarda. Sa druge strane, ambasador Cuvelier je ocenio postignuti napredak i izrazio spremnost [&hellip;]<\/p>\n","protected":false},"author":2,"featured_media":5868,"comment_status":"open","ping_status":"open","sticky":false,"template":"","format":"standard","meta":{"footnotes":""},"categories":[6],"tags":[],"class_list":["post-5874","post","type-post","status-publish","format-standard","has-post-thumbnail","hentry","category-uncategorized-sr"],"acf":[],"_links":{"self":[{"href":"https:\/\/shkk.rks-gov.net\/sr\/wp-json\/wp\/v2\/posts\/5874","targetHints":{"allow":["GET"]}}],"collection":[{"href":"https:\/\/shkk.rks-gov.net\/sr\/wp-json\/wp\/v2\/posts"}],"about":[{"href":"https:\/\/shkk.rks-gov.net\/sr\/wp-json\/wp\/v2\/types\/post"}],"author":[{"embeddable":true,"href":"https:\/\/shkk.rks-gov.net\/sr\/wp-json\/wp\/v2\/users\/2"}],"replies":[{"embeddable":true,"href":"https:\/\/shkk.rks-gov.net\/sr\/wp-json\/wp\/v2\/comments?post=5874"}],"version-history":[{"count":1,"href":"https:\/\/shkk.rks-gov.net\/sr\/wp-json\/wp\/v2\/posts\/5874\/revisions"}],"predecessor-version":[{"id":5875,"href":"https:\/\/shkk.rks-gov.net\/sr\/wp-json\/wp\/v2\/posts\/5874\/revisions\/5875"}],"wp:featuredmedia":[{"embeddable":true,"href":"https:\/\/shkk.rks-gov.net\/sr\/wp-json\/wp\/v2\/media\/5868"}],"wp:attachment":[{"href":"https:\/\/shkk.rks-gov.net\/sr\/wp-json\/wp\/v2\/media?parent=5874"}],"wp:term":[{"taxonomy":"category","embeddable":true,"href":"https:\/\/shkk.rks-gov.net\/sr\/wp-json\/wp\/v2\/categories?post=5874"},{"taxonomy":"post_tag","embeddable":true,"href":"https:\/\/shkk.rks-gov.net\/sr\/wp-json\/wp\/v2\/tags?post=5874"}],"curies":[{"name":"wp","href":"https:\/\/api.w.org\/{rel}","templated":true}]}}