{"id":5188,"date":"2025-11-21T09:54:13","date_gmt":"2025-11-21T09:54:13","guid":{"rendered":"https:\/\/shkk.rks-gov.net\/?p=5188"},"modified":"2025-11-23T10:14:24","modified_gmt":"2025-11-23T10:14:24","slug":"sluzba-za-korekciju-kosova-obelezava-26-godisnjicu-osnivanja","status":"publish","type":"post","link":"https:\/\/shkk.rks-gov.net\/sr\/2025\/11\/21\/sluzba-za-korekciju-kosova-obelezava-26-godisnjicu-osnivanja\/","title":{"rendered":"Slu\u017eba za Korekciju Kosova obele\u017eava 26-godi\u0161njicu osnivanja"},"content":{"rendered":"<p data-start=\"128\" data-end=\"455\"><strong>Danas je Slu\u017eba za Korekciju Kosova obele\u017eila 26-godi\u0161njicu svog osnivanja na sve\u010danoj ceremoniji na kojoj su prisustvovali predsednica Republike Kosovo, visoki predstavnici pravosudnih institucija, predstavnici diplomatskog kora, me\u0111unarodnih organizacija i partneri koji godinama podr\u017eavaju razvoj Slu\u017ebe za Korekciju Kosova.<\/strong><\/p>\n<p data-start=\"457\" data-end=\"774\">Generalni direktor Slu\u017ebe za Korekciju Kosova, gospodin Ismail Dibrani, u svom obra\u0107anju istakao je da ovaj jubilej predstavlja va\u017ean trenutak za refleksiju o putu institucije, koja se od jednostavne postratne strukture transformisala u moderan, profesionalan sistem u potpunosti uskla\u0111en sa me\u0111unarodnim standardima.<\/p>\n<p data-start=\"776\" data-end=\"1106\">\u201eOvaj jubilej predstavlja trenutak refleksije o 26-godi\u0161njem putu koji je bio izazovan, ali izuzetno uspe\u0161an\u201c, rekao je Dibrani. On je naglasio va\u017ene uspehe, uklju\u010duju\u0107i skoro 600 spre\u010denih slu\u010dajeva krijum\u010darenja\u00a0 bez presedana u istoriji institucije, \u0161to je direktno doprinelo pove\u0107anju bezbednosti u svim korekcionim centrima.<\/p>\n<p data-start=\"1108\" data-end=\"1541\">Tako\u0111e je naveo da je samo u poslednje tri godine vi\u0161e od 1.800 lica li\u0161enih slobode u\u010destvovalo u rehabilitacionim programima, \u0161to je prvi put dovelo do formiranja lista \u010dekanja, kao dokaz njihove efikasnosti i pove\u0107anog poverenja. Dibrani je podsetio da je rad SKK-a nagra\u0111en Nagradom za izvrsnost od Me\u0111unarodne organizacije zatvora, kao i \u010dlanstvom u EuroPris-u, \u010dime je Kosovo pozicionirano u evropski okvir korektivne saradnje.<\/p>\n<p data-start=\"1543\" data-end=\"1692\">Predsednica Republike Kosovo, gospo\u0111a Vjosa Osmani, u svom obra\u0107anju visoko je ocenila doprinos Slu\u017ebe za Korekciju u ja\u010danju reda i pravde u zemlji.<\/p>\n<p data-start=\"1694\" data-end=\"2123\">\u201ePravda se ne svodi samo na ka\u017enjavanje; pravda je odgovornost, izgradnja i poverenje. Nijedna dr\u017eava ne mo\u017ee stajati uspravno bez snage reda i pravde,\u201c izjavila je Osmani. Ona je istakla da je rad SKK-a \u010desto nevidljiv javnosti, ali od izuzetnog zna\u010daja za dr\u017eavu i javnu bezbednost. Predsednica je izrazila posebnu zahvalnost \u017eenama anga\u017eovanim u korektivnom sistemu, nagla\u0161avaju\u0107i njihovu izuzetnu ulogu u razvoju institucije.<\/p>\n<p data-start=\"2125\" data-end=\"2318\">Vr\u0161ilac du\u017enosti ministra pravde, gospodin Blerim Sallahu, ocenio je Slu\u017ebu za Korekciju kao instituciju koja je dokazala visok profesionalizam, integritet i kapacitet za duboku transformaciju.<\/p>\n<p data-start=\"2320\" data-end=\"2582\">\u201eTokom ovih godina, SKK je pokazao izuzetan nivo profesionalizma i integriteta. Modernizacija infrastrukture, ja\u010danje profesionalnih kapaciteta osoblja i uskla\u0111ivanje sa evropskim standardima jasno pokazuju da se ovaj sistem kre\u0107e u pravom smeru,\u201c izjavio je on.<\/p>\n<p data-start=\"2584\" data-end=\"2805\">Sallahu je dodao: \u201eOvo \u0161to smo postigli nije slu\u010dajnost. To je rezultat neumornog rada, jasne vizije i iskrenog partnerstva izme\u0111u Vlade i SKK-a. Ministarstvo pravde je bilo i ostaje strate\u0161ki partner ove transformacije.\u201c<\/p>\n<p data-start=\"2807\" data-end=\"3055\">On je istakao klju\u010dne projekte podr\u017eane od vlade, kao \u0161to su: Korekcioni centar za \u017eene u Lipljanu, Ku\u0107a za majke sa decom, novi zatvor u Prizrenu, pro\u0161irenje kapaciteta Instituta forenzi\u010dke psihijatrije i funkcionalizacija paviljona \u201eD\u201c u Dubravi.<\/p>\n<p data-start=\"3057\" data-end=\"3218\">\u201eOva reforma korektivnog sistema jedna je od najva\u017enijih u ovoj deceniji. To nije samo institucionalni uspeh\u00a0 to je uspeh vladavine prava,\u201c naglasio je Sallahu.<\/p>\n<p data-start=\"3220\" data-end=\"3468\">Istakao je da kroz novi zakonski paket, nove profesionalne standarde, modernu tehnologiju i nepokolebljiv fokus na ljudska prava, ministarstvo i SKK postavljaju temelje korektivnog sistema koji garantuje bezbednost, pravdu i odr\u017eivu rehabilitaciju.<\/p>\n<p data-start=\"3470\" data-end=\"3616\">\u0160ef EULEX-a, gospodin Giovanni Pietro Barbano, pohvalio je doprinos i posve\u0107enost SKK-a, oceniv\u0161i ga kao jednog od najpouzdanijih partnera misije.<\/p>\n<p data-start=\"3618\" data-end=\"3971\">\u201e\u010cast nam je biti deo ovog jubileja. SKK je pokazao primernu posve\u0107enost profesionalnom napretku i ja\u010danju rehabilitacionih kapaciteta i nastavi\u0107emo da ga podr\u017eavamo kroz monitoring, mentorstvo i savetovanje,\u201c rekao je Barbano. On je primio Specijalnu nagradu zahvalnosti u ime EULEX-a, kao znak priznanja za dugogodi\u0161nje partnerstvo i uspe\u0161nu saradnju.<\/p>\n<p data-start=\"3973\" data-end=\"4691\">Ambasador OEBS-a, gospodin Gerard McGurk, istakao je da \u201eva\u0161a dostignu\u0107a govore sama za sebe\u201c. On je naglasio da je SKK u poslednjim godinama ostvario zna\u010dajan napredak u ja\u010danju operativnog profesionalizma, unapre\u0111enju obuke osoblja i modernizaciji bezbednosnih protokola. Prema njegovim re\u010dima, posve\u0107enost unapre\u0111enju zdravstvene za\u0161tite, uklju\u010duju\u0107i psiholo\u0161ku i psihosocijalnu podr\u0161ku, jasan je pokazatelj rastu\u0107e posve\u0107enosti dostojanstvu i ljudskim pravima. Pro\u0161irenje obrazovnih i profesionalnih programa unutar korektivnih institucija, dodao je, otvorilo je nove realne mogu\u0107nosti za rehabilitaciju, direktno uti\u010du\u0107i na smanjenje recidivizma i unapre\u0111uju\u0107i perspektive reintegracije osu\u0111enih lica u zajednicu.<\/p>\n<p data-start=\"4693\" data-end=\"5147\">Direktor Policije zatvora Albanije, gospodin Paulin Rajta, \u010destitao je SKK-u na njegovim kontinuiranim dostignu\u0107ima, kako u ja\u010danju bezbednosti i pobolj\u0161anju tretmana lica li\u0161enih slobode, tako i u \u010dlanstvu u va\u017enim me\u0111unarodnim organizacijama. On je naglasio da danas SKK predstavlja primer uspeha za \u010ditav region, zahvaljuju\u0107i rukovodstvu koje je postavilo visoke profesionalne standarde i napravilo stabilne korake ka modernizaciji korektivnih usluga.<\/p>\n<ol start=\"26\" data-start=\"5149\" data-end=\"5459\">\n<li data-start=\"5149\" data-end=\"5459\">\n<p style=\"text-align: left;\" data-start=\"5153\" data-end=\"5459\">godi\u0161njica SKK-a ozna\u010dava va\u017enu etapu transformacije korektivnog sistema ka profesionalnijem, bezbednijem, humanijem i vi\u0161e rehabilitaciono orijentisanom sistemu. Rad i posve\u0107enost korektivnog osoblja ocenjeni su od svih govornika kao klju\u010dni stubovi funkcionisanja pravde i bezbednosti u Republici Kosovo.<\/p>\n<\/li>\n<\/ol>\n<p>&nbsp;<\/p>\n<p><img loading=\"lazy\" decoding=\"async\" class=\"alignnone size-medium wp-image-5158\" src=\"https:\/\/shkk.rks-gov.net\/wp-content\/uploads\/2025\/11\/2-300x200.jpg\" alt=\"\" width=\"300\" height=\"200\" srcset=\"https:\/\/shkk.rks-gov.net\/wp-content\/uploads\/2025\/11\/2-300x200.jpg 300w, https:\/\/shkk.rks-gov.net\/wp-content\/uploads\/2025\/11\/2-1024x683.jpg 1024w, https:\/\/shkk.rks-gov.net\/wp-content\/uploads\/2025\/11\/2-768x512.jpg 768w, https:\/\/shkk.rks-gov.net\/wp-content\/uploads\/2025\/11\/2-1536x1024.jpg 1536w, https:\/\/shkk.rks-gov.net\/wp-content\/uploads\/2025\/11\/2.jpg 2048w\" sizes=\"auto, (max-width: 300px) 100vw, 300px\" \/><img loading=\"lazy\" decoding=\"async\" class=\"alignnone size-medium wp-image-5161\" src=\"https:\/\/shkk.rks-gov.net\/wp-content\/uploads\/2025\/11\/3-300x200.jpg\" alt=\"\" width=\"300\" height=\"200\" srcset=\"https:\/\/shkk.rks-gov.net\/wp-content\/uploads\/2025\/11\/3-300x200.jpg 300w, https:\/\/shkk.rks-gov.net\/wp-content\/uploads\/2025\/11\/3-1024x683.jpg 1024w, https:\/\/shkk.rks-gov.net\/wp-content\/uploads\/2025\/11\/3-768x512.jpg 768w, https:\/\/shkk.rks-gov.net\/wp-content\/uploads\/2025\/11\/3-1536x1024.jpg 1536w, https:\/\/shkk.rks-gov.net\/wp-content\/uploads\/2025\/11\/3.jpg 2048w\" sizes=\"auto, (max-width: 300px) 100vw, 300px\" \/><img loading=\"lazy\" decoding=\"async\" class=\"alignnone size-medium wp-image-5155\" src=\"https:\/\/shkk.rks-gov.net\/wp-content\/uploads\/2025\/11\/1-300x200.jpg\" alt=\"\" width=\"300\" height=\"200\" srcset=\"https:\/\/shkk.rks-gov.net\/wp-content\/uploads\/2025\/11\/1-300x200.jpg 300w, https:\/\/shkk.rks-gov.net\/wp-content\/uploads\/2025\/11\/1-1024x682.jpg 1024w, https:\/\/shkk.rks-gov.net\/wp-content\/uploads\/2025\/11\/1-768x512.jpg 768w, https:\/\/shkk.rks-gov.net\/wp-content\/uploads\/2025\/11\/1-1536x1023.jpg 1536w, https:\/\/shkk.rks-gov.net\/wp-content\/uploads\/2025\/11\/1.jpg 1600w\" sizes=\"auto, (max-width: 300px) 100vw, 300px\" \/><img loading=\"lazy\" decoding=\"async\" class=\"alignnone size-medium wp-image-5164\" src=\"https:\/\/shkk.rks-gov.net\/wp-content\/uploads\/2025\/11\/4-300x200.jpg\" alt=\"\" width=\"300\" height=\"200\" srcset=\"https:\/\/shkk.rks-gov.net\/wp-content\/uploads\/2025\/11\/4-300x200.jpg 300w, https:\/\/shkk.rks-gov.net\/wp-content\/uploads\/2025\/11\/4-1024x683.jpg 1024w, https:\/\/shkk.rks-gov.net\/wp-content\/uploads\/2025\/11\/4-768x512.jpg 768w, https:\/\/shkk.rks-gov.net\/wp-content\/uploads\/2025\/11\/4-1536x1024.jpg 1536w, https:\/\/shkk.rks-gov.net\/wp-content\/uploads\/2025\/11\/4.jpg 2048w\" sizes=\"auto, (max-width: 300px) 100vw, 300px\" \/><img loading=\"lazy\" decoding=\"async\" class=\"alignnone size-medium wp-image-5167\" src=\"https:\/\/shkk.rks-gov.net\/wp-content\/uploads\/2025\/11\/5-300x200.jpg\" alt=\"\" width=\"300\" height=\"200\" srcset=\"https:\/\/shkk.rks-gov.net\/wp-content\/uploads\/2025\/11\/5-300x200.jpg 300w, https:\/\/shkk.rks-gov.net\/wp-content\/uploads\/2025\/11\/5-1024x683.jpg 1024w, https:\/\/shkk.rks-gov.net\/wp-content\/uploads\/2025\/11\/5-768x512.jpg 768w, https:\/\/shkk.rks-gov.net\/wp-content\/uploads\/2025\/11\/5-1536x1024.jpg 1536w, https:\/\/shkk.rks-gov.net\/wp-content\/uploads\/2025\/11\/5.jpg 2048w\" sizes=\"auto, (max-width: 300px) 100vw, 300px\" \/><img loading=\"lazy\" decoding=\"async\" class=\"alignnone size-medium wp-image-5170\" src=\"https:\/\/shkk.rks-gov.net\/wp-content\/uploads\/2025\/11\/6-300x200.jpg\" alt=\"\" width=\"300\" height=\"200\" srcset=\"https:\/\/shkk.rks-gov.net\/wp-content\/uploads\/2025\/11\/6-300x200.jpg 300w, https:\/\/shkk.rks-gov.net\/wp-content\/uploads\/2025\/11\/6-1024x683.jpg 1024w, https:\/\/shkk.rks-gov.net\/wp-content\/uploads\/2025\/11\/6-768x512.jpg 768w, https:\/\/shkk.rks-gov.net\/wp-content\/uploads\/2025\/11\/6-1536x1025.jpg 1536w, https:\/\/shkk.rks-gov.net\/wp-content\/uploads\/2025\/11\/6.jpg 2048w\" sizes=\"auto, (max-width: 300px) 100vw, 300px\" \/><img loading=\"lazy\" decoding=\"async\" class=\"alignnone size-medium wp-image-5176\" src=\"https:\/\/shkk.rks-gov.net\/wp-content\/uploads\/2025\/11\/586932762_1181963087244908_8078619919264850066_n-300x200.jpg\" alt=\"\" width=\"300\" height=\"200\" srcset=\"https:\/\/shkk.rks-gov.net\/wp-content\/uploads\/2025\/11\/586932762_1181963087244908_8078619919264850066_n-300x200.jpg 300w, https:\/\/shkk.rks-gov.net\/wp-content\/uploads\/2025\/11\/586932762_1181963087244908_8078619919264850066_n-1024x683.jpg 1024w, https:\/\/shkk.rks-gov.net\/wp-content\/uploads\/2025\/11\/586932762_1181963087244908_8078619919264850066_n-768x512.jpg 768w, https:\/\/shkk.rks-gov.net\/wp-content\/uploads\/2025\/11\/586932762_1181963087244908_8078619919264850066_n.jpg 1280w\" sizes=\"auto, (max-width: 300px) 100vw, 300px\" \/><img loading=\"lazy\" decoding=\"async\" class=\"alignnone size-medium wp-image-5173\" src=\"https:\/\/shkk.rks-gov.net\/wp-content\/uploads\/2025\/11\/10-300x200.jpg\" alt=\"\" width=\"300\" height=\"200\" srcset=\"https:\/\/shkk.rks-gov.net\/wp-content\/uploads\/2025\/11\/10-300x200.jpg 300w, https:\/\/shkk.rks-gov.net\/wp-content\/uploads\/2025\/11\/10-1024x683.jpg 1024w, https:\/\/shkk.rks-gov.net\/wp-content\/uploads\/2025\/11\/10-768x512.jpg 768w, https:\/\/shkk.rks-gov.net\/wp-content\/uploads\/2025\/11\/10-1536x1025.jpg 1536w, https:\/\/shkk.rks-gov.net\/wp-content\/uploads\/2025\/11\/10.jpg 2048w\" sizes=\"auto, (max-width: 300px) 100vw, 300px\" \/><img loading=\"lazy\" decoding=\"async\" class=\"alignnone size-medium wp-image-5179\" src=\"https:\/\/shkk.rks-gov.net\/wp-content\/uploads\/2025\/11\/11-300x200.jpg\" alt=\"\" width=\"300\" height=\"200\" srcset=\"https:\/\/shkk.rks-gov.net\/wp-content\/uploads\/2025\/11\/11-300x200.jpg 300w, https:\/\/shkk.rks-gov.net\/wp-content\/uploads\/2025\/11\/11-1024x683.jpg 1024w, https:\/\/shkk.rks-gov.net\/wp-content\/uploads\/2025\/11\/11-768x512.jpg 768w, https:\/\/shkk.rks-gov.net\/wp-content\/uploads\/2025\/11\/11-1536x1025.jpg 1536w, https:\/\/shkk.rks-gov.net\/wp-content\/uploads\/2025\/11\/11.jpg 2048w\" sizes=\"auto, (max-width: 300px) 100vw, 300px\" \/><\/p>\n","protected":false},"excerpt":{"rendered":"<p>Danas je Slu\u017eba za Korekciju Kosova obele\u017eila 26-godi\u0161njicu svog osnivanja na sve\u010danoj ceremoniji na kojoj su prisustvovali predsednica Republike Kosovo, visoki predstavnici pravosudnih institucija, predstavnici diplomatskog kora, me\u0111unarodnih organizacija i partneri koji godinama podr\u017eavaju razvoj Slu\u017ebe za Korekciju Kosova. Generalni direktor Slu\u017ebe za Korekciju Kosova, gospodin Ismail Dibrani, u svom obra\u0107anju istakao je da ovaj [&hellip;]<\/p>\n","protected":false},"author":2,"featured_media":5182,"comment_status":"open","ping_status":"open","sticky":false,"template":"","format":"standard","meta":{"footnotes":""},"categories":[6],"tags":[],"class_list":["post-5188","post","type-post","status-publish","format-standard","has-post-thumbnail","hentry","category-uncategorized-sr"],"acf":[],"_links":{"self":[{"href":"https:\/\/shkk.rks-gov.net\/sr\/wp-json\/wp\/v2\/posts\/5188","targetHints":{"allow":["GET"]}}],"collection":[{"href":"https:\/\/shkk.rks-gov.net\/sr\/wp-json\/wp\/v2\/posts"}],"about":[{"href":"https:\/\/shkk.rks-gov.net\/sr\/wp-json\/wp\/v2\/types\/post"}],"author":[{"embeddable":true,"href":"https:\/\/shkk.rks-gov.net\/sr\/wp-json\/wp\/v2\/users\/2"}],"replies":[{"embeddable":true,"href":"https:\/\/shkk.rks-gov.net\/sr\/wp-json\/wp\/v2\/comments?post=5188"}],"version-history":[{"count":1,"href":"https:\/\/shkk.rks-gov.net\/sr\/wp-json\/wp\/v2\/posts\/5188\/revisions"}],"predecessor-version":[{"id":5189,"href":"https:\/\/shkk.rks-gov.net\/sr\/wp-json\/wp\/v2\/posts\/5188\/revisions\/5189"}],"wp:featuredmedia":[{"embeddable":true,"href":"https:\/\/shkk.rks-gov.net\/sr\/wp-json\/wp\/v2\/media\/5182"}],"wp:attachment":[{"href":"https:\/\/shkk.rks-gov.net\/sr\/wp-json\/wp\/v2\/media?parent=5188"}],"wp:term":[{"taxonomy":"category","embeddable":true,"href":"https:\/\/shkk.rks-gov.net\/sr\/wp-json\/wp\/v2\/categories?post=5188"},{"taxonomy":"post_tag","embeddable":true,"href":"https:\/\/shkk.rks-gov.net\/sr\/wp-json\/wp\/v2\/tags?post=5188"}],"curies":[{"name":"wp","href":"https:\/\/api.w.org\/{rel}","templated":true}]}}