{"id":5136,"date":"2025-11-14T15:17:25","date_gmt":"2025-11-14T15:17:25","guid":{"rendered":"https:\/\/shkk.rks-gov.net\/?p=5136"},"modified":"2025-11-14T15:20:58","modified_gmt":"2025-11-14T15:20:58","slug":"generalni-direktor-sluzbe-za-korekciju-kosova-ismail-dibrani-i-vrsilac-duznosti-ministra-sallahu-sastaju-se-sa-udruzenjem-zena-sluzbe-za-korekciju","status":"publish","type":"post","link":"https:\/\/shkk.rks-gov.net\/sr\/2025\/11\/14\/generalni-direktor-sluzbe-za-korekciju-kosova-ismail-dibrani-i-vrsilac-duznosti-ministra-sallahu-sastaju-se-sa-udruzenjem-zena-sluzbe-za-korekciju\/","title":{"rendered":"Generalni direktor Slu\u017ebe za Korekciju Kosova, Ismail Dibrani, i vr\u0161ilac du\u017enosti ministra Sallahu sastaju se sa Udru\u017eenjem \u017dena Slu\u017ebe za Korekciju"},"content":{"rendered":"<p data-start=\"1414\" data-end=\"1706\">Danas su generalni direktor Slu\u017ebe za Korekciju Kosova, gospodin Ismail Dibrani, zajedno sa vr\u0161iocem du\u017enosti ministra pravde, gospodinom Blerimom Sallahuom, odr\u017eali sastanak sa gospo\u0111om Valdete Ilazi, predsednicom Udru\u017eenja \u017dena Slu\u017ebe za Korekciju Kosova, kao i sa \u010dlanicama ovog udru\u017eenja.<\/p>\n<p data-start=\"1708\" data-end=\"2013\">Tokom sastanka, gospodin Dibrani i v.d. ministar Sallahu \u010destitali su gospo\u0111i Ilazi na novom mandatu, ocenjuju\u0107i njen anga\u017eman i zna\u010daj uloge \u017eena u korektivnom sistemu. Tako\u0111e je nagla\u0161eno da njihov doprinos ostaje nezamenljiv za profesionalno, bezbedno i efikasno funkcionisanje korektivnih institucija.<\/p>\n<p data-start=\"2015\" data-end=\"2285\">Slu\u017eba za Korekciju Kosova ponovo je potvrdila punu podr\u0161ku inicijativama koje imaju za cilj osna\u017eivanje i unapre\u0111enje polo\u017eaja \u017eena unutar ovog sistema, isti\u010du\u0107i da njihovo aktivno u\u010de\u0161\u0107e u institucionalnim procesima predstavlja dodatnu vrednost za dalji razvoj slu\u017ebe.<\/p>\n<p data-start=\"2015\" data-end=\"2285\">\n<p data-start=\"2015\" data-end=\"2285\"><img loading=\"lazy\" decoding=\"async\" class=\"alignnone size-medium wp-image-5126\" src=\"https:\/\/shkk.rks-gov.net\/wp-content\/uploads\/2025\/11\/581837371_18094718338873087_3638189302477270335_n-300x200.jpg\" alt=\"\" width=\"300\" height=\"200\" srcset=\"https:\/\/shkk.rks-gov.net\/wp-content\/uploads\/2025\/11\/581837371_18094718338873087_3638189302477270335_n-300x200.jpg 300w, https:\/\/shkk.rks-gov.net\/wp-content\/uploads\/2025\/11\/581837371_18094718338873087_3638189302477270335_n-1024x683.jpg 1024w, https:\/\/shkk.rks-gov.net\/wp-content\/uploads\/2025\/11\/581837371_18094718338873087_3638189302477270335_n-768x513.jpg 768w, https:\/\/shkk.rks-gov.net\/wp-content\/uploads\/2025\/11\/581837371_18094718338873087_3638189302477270335_n.jpg 1440w\" sizes=\"auto, (max-width: 300px) 100vw, 300px\" \/><img loading=\"lazy\" decoding=\"async\" class=\"alignnone size-medium wp-image-5129\" src=\"https:\/\/shkk.rks-gov.net\/wp-content\/uploads\/2025\/11\/583714873_18094718290873087_4785853343491710170_n-300x200.jpg\" alt=\"\" width=\"300\" height=\"200\" srcset=\"https:\/\/shkk.rks-gov.net\/wp-content\/uploads\/2025\/11\/583714873_18094718290873087_4785853343491710170_n-300x200.jpg 300w, https:\/\/shkk.rks-gov.net\/wp-content\/uploads\/2025\/11\/583714873_18094718290873087_4785853343491710170_n-1024x683.jpg 1024w, https:\/\/shkk.rks-gov.net\/wp-content\/uploads\/2025\/11\/583714873_18094718290873087_4785853343491710170_n-768x513.jpg 768w, https:\/\/shkk.rks-gov.net\/wp-content\/uploads\/2025\/11\/583714873_18094718290873087_4785853343491710170_n.jpg 1440w\" sizes=\"auto, (max-width: 300px) 100vw, 300px\" \/><img loading=\"lazy\" decoding=\"async\" class=\"alignnone size-medium wp-image-5132\" src=\"https:\/\/shkk.rks-gov.net\/wp-content\/uploads\/2025\/11\/582016581_18094718383873087_3518915273154879561_n-300x200.jpg\" alt=\"\" width=\"300\" height=\"200\" srcset=\"https:\/\/shkk.rks-gov.net\/wp-content\/uploads\/2025\/11\/582016581_18094718383873087_3518915273154879561_n-300x200.jpg 300w, https:\/\/shkk.rks-gov.net\/wp-content\/uploads\/2025\/11\/582016581_18094718383873087_3518915273154879561_n-1024x683.jpg 1024w, https:\/\/shkk.rks-gov.net\/wp-content\/uploads\/2025\/11\/582016581_18094718383873087_3518915273154879561_n-768x513.jpg 768w, https:\/\/shkk.rks-gov.net\/wp-content\/uploads\/2025\/11\/582016581_18094718383873087_3518915273154879561_n.jpg 1440w\" sizes=\"auto, (max-width: 300px) 100vw, 300px\" \/><\/p>\n","protected":false},"excerpt":{"rendered":"<p>Danas su generalni direktor Slu\u017ebe za Korekciju Kosova, gospodin Ismail Dibrani, zajedno sa vr\u0161iocem du\u017enosti ministra pravde, gospodinom Blerimom Sallahuom, odr\u017eali sastanak sa gospo\u0111om Valdete Ilazi, predsednicom Udru\u017eenja \u017dena Slu\u017ebe za Korekciju Kosova, kao i sa \u010dlanicama ovog udru\u017eenja. Tokom sastanka, gospodin Dibrani i v.d. ministar Sallahu \u010destitali su gospo\u0111i Ilazi na novom mandatu, ocenjuju\u0107i [&hellip;]<\/p>\n","protected":false},"author":2,"featured_media":5126,"comment_status":"open","ping_status":"open","sticky":false,"template":"","format":"standard","meta":{"footnotes":""},"categories":[6],"tags":[],"class_list":["post-5136","post","type-post","status-publish","format-standard","has-post-thumbnail","hentry","category-uncategorized-sr"],"acf":[],"_links":{"self":[{"href":"https:\/\/shkk.rks-gov.net\/sr\/wp-json\/wp\/v2\/posts\/5136","targetHints":{"allow":["GET"]}}],"collection":[{"href":"https:\/\/shkk.rks-gov.net\/sr\/wp-json\/wp\/v2\/posts"}],"about":[{"href":"https:\/\/shkk.rks-gov.net\/sr\/wp-json\/wp\/v2\/types\/post"}],"author":[{"embeddable":true,"href":"https:\/\/shkk.rks-gov.net\/sr\/wp-json\/wp\/v2\/users\/2"}],"replies":[{"embeddable":true,"href":"https:\/\/shkk.rks-gov.net\/sr\/wp-json\/wp\/v2\/comments?post=5136"}],"version-history":[{"count":1,"href":"https:\/\/shkk.rks-gov.net\/sr\/wp-json\/wp\/v2\/posts\/5136\/revisions"}],"predecessor-version":[{"id":5137,"href":"https:\/\/shkk.rks-gov.net\/sr\/wp-json\/wp\/v2\/posts\/5136\/revisions\/5137"}],"wp:featuredmedia":[{"embeddable":true,"href":"https:\/\/shkk.rks-gov.net\/sr\/wp-json\/wp\/v2\/media\/5126"}],"wp:attachment":[{"href":"https:\/\/shkk.rks-gov.net\/sr\/wp-json\/wp\/v2\/media?parent=5136"}],"wp:term":[{"taxonomy":"category","embeddable":true,"href":"https:\/\/shkk.rks-gov.net\/sr\/wp-json\/wp\/v2\/categories?post=5136"},{"taxonomy":"post_tag","embeddable":true,"href":"https:\/\/shkk.rks-gov.net\/sr\/wp-json\/wp\/v2\/tags?post=5136"}],"curies":[{"name":"wp","href":"https:\/\/api.w.org\/{rel}","templated":true}]}}