{"id":5121,"date":"2025-11-14T15:09:53","date_gmt":"2025-11-14T15:09:53","guid":{"rendered":"https:\/\/shkk.rks-gov.net\/?p=5121"},"modified":"2025-11-14T15:13:58","modified_gmt":"2025-11-14T15:13:58","slug":"sluzba-za-korekciju-kosova-ucestvuje-na-multilateralnom-sastanku-saveta-evrope-u-strazburg","status":"publish","type":"post","link":"https:\/\/shkk.rks-gov.net\/sr\/2025\/11\/14\/sluzba-za-korekciju-kosova-ucestvuje-na-multilateralnom-sastanku-saveta-evrope-u-strazburg\/","title":{"rendered":"Slu\u017eba za Korekciju Kosova u\u010destvuje na multilateralnom sastanku Saveta Evrope u Strazburg"},"content":{"rendered":"<p data-start=\"1730\" data-end=\"2250\"><strong>Na poziv Saveta Evrope, Slu\u017eba za Korekciju Kosova u\u010destvovala je na multilateralnom sastanku na temu \u201eJa\u010danje rodno osetljivih politika i praksi u zatvorima dr\u017eava \u010dlanica Saveta Evrope\u201c, koji je odr\u017ean u Strazburu 12. i 13. novembra 2025. godine.<\/strong><\/p>\n<p data-start=\"1730\" data-end=\"2250\"><br data-start=\"1980\" data-end=\"1983\" \/>Slu\u017ebu za Korekciju Kosova predstavljala je direktorka Odeljenja za Tretman Zatvorenika i Maloletnika, gospo\u0111a Trendelina Qorraj, koja je izlo\u017eila rad pod naslovom:<br data-start=\"2147\" data-end=\"2150\" \/><strong data-start=\"2150\" data-end=\"2250\">\u201eRodno osetljiva reintegracija: Najbolje prakse Slu\u017ebe za Korekciju Kosova za \u017eene u zatvorima.\u201c<\/strong><\/p>\n<p data-start=\"2252\" data-end=\"2705\">U svojoj prezentaciji, gospo\u0111a Qorraj predstavila je pristupe i prakse koje Slu\u017eba za Korekciju Kosova primenjuje u tretmanu, rehabilitaciji i reintegraciji osu\u0111enih \u017eena, kao i aktivnosti koje se sprovode u Korektivnom Centru za \u017dene. Naglasila je zna\u010daj personalizovanih programa, psihosocijalne podr\u0161ke, obrazovanja, stru\u010dnih obuka i drugih inicijativa koje doprinose osna\u017eivanju \u017eena u zatvoru i njihovoj pripremi za uspe\u0161nu reintegraciju u dru\u0161tvo.<\/p>\n<p data-start=\"2707\" data-end=\"2946\">U\u010de\u0161\u0107e na ovom multilateralnom sastanku omogu\u0107ilo je zna\u010dajnu razmenu iskustava i najboljih praksi sa dr\u017eavama \u010dlanicama Saveta Evrope, doprinose\u0107i daljem ja\u010danju rodno osetljivih standarda i politika u korektivnim institucijama na Kosovu.<\/p>\n<p data-start=\"2707\" data-end=\"2946\">\n<p data-start=\"2707\" data-end=\"2946\"><img loading=\"lazy\" decoding=\"async\" class=\"alignnone size-medium wp-image-5112\" src=\"https:\/\/shkk.rks-gov.net\/wp-content\/uploads\/2025\/11\/581786054_18094707250873087_3401636746227730389_n-300x201.jpg\" alt=\"\" width=\"300\" height=\"201\" srcset=\"https:\/\/shkk.rks-gov.net\/wp-content\/uploads\/2025\/11\/581786054_18094707250873087_3401636746227730389_n-300x201.jpg 300w, https:\/\/shkk.rks-gov.net\/wp-content\/uploads\/2025\/11\/581786054_18094707250873087_3401636746227730389_n-1024x685.jpg 1024w, https:\/\/shkk.rks-gov.net\/wp-content\/uploads\/2025\/11\/581786054_18094707250873087_3401636746227730389_n-768x514.jpg 768w, https:\/\/shkk.rks-gov.net\/wp-content\/uploads\/2025\/11\/581786054_18094707250873087_3401636746227730389_n.jpg 1095w\" sizes=\"auto, (max-width: 300px) 100vw, 300px\" \/><img loading=\"lazy\" decoding=\"async\" class=\"alignnone size-medium wp-image-5115\" src=\"https:\/\/shkk.rks-gov.net\/wp-content\/uploads\/2025\/11\/582008813_18094707241873087_2422983645565664263_n-300x200.jpg\" alt=\"\" width=\"300\" height=\"200\" srcset=\"https:\/\/shkk.rks-gov.net\/wp-content\/uploads\/2025\/11\/582008813_18094707241873087_2422983645565664263_n-300x200.jpg 300w, https:\/\/shkk.rks-gov.net\/wp-content\/uploads\/2025\/11\/582008813_18094707241873087_2422983645565664263_n-1024x683.jpg 1024w, https:\/\/shkk.rks-gov.net\/wp-content\/uploads\/2025\/11\/582008813_18094707241873087_2422983645565664263_n-768x512.jpg 768w, https:\/\/shkk.rks-gov.net\/wp-content\/uploads\/2025\/11\/582008813_18094707241873087_2422983645565664263_n.jpg 1065w\" sizes=\"auto, (max-width: 300px) 100vw, 300px\" \/><\/p>\n","protected":false},"excerpt":{"rendered":"<p>Na poziv Saveta Evrope, Slu\u017eba za Korekciju Kosova u\u010destvovala je na multilateralnom sastanku na temu \u201eJa\u010danje rodno osetljivih politika i praksi u zatvorima dr\u017eava \u010dlanica Saveta Evrope\u201c, koji je odr\u017ean u Strazburu 12. i 13. novembra 2025. godine. Slu\u017ebu za Korekciju Kosova predstavljala je direktorka Odeljenja za Tretman Zatvorenika i Maloletnika, gospo\u0111a Trendelina Qorraj, koja [&hellip;]<\/p>\n","protected":false},"author":2,"featured_media":5115,"comment_status":"open","ping_status":"open","sticky":false,"template":"","format":"standard","meta":{"footnotes":""},"categories":[6],"tags":[],"class_list":["post-5121","post","type-post","status-publish","format-standard","has-post-thumbnail","hentry","category-uncategorized-sr"],"acf":[],"_links":{"self":[{"href":"https:\/\/shkk.rks-gov.net\/sr\/wp-json\/wp\/v2\/posts\/5121","targetHints":{"allow":["GET"]}}],"collection":[{"href":"https:\/\/shkk.rks-gov.net\/sr\/wp-json\/wp\/v2\/posts"}],"about":[{"href":"https:\/\/shkk.rks-gov.net\/sr\/wp-json\/wp\/v2\/types\/post"}],"author":[{"embeddable":true,"href":"https:\/\/shkk.rks-gov.net\/sr\/wp-json\/wp\/v2\/users\/2"}],"replies":[{"embeddable":true,"href":"https:\/\/shkk.rks-gov.net\/sr\/wp-json\/wp\/v2\/comments?post=5121"}],"version-history":[{"count":1,"href":"https:\/\/shkk.rks-gov.net\/sr\/wp-json\/wp\/v2\/posts\/5121\/revisions"}],"predecessor-version":[{"id":5122,"href":"https:\/\/shkk.rks-gov.net\/sr\/wp-json\/wp\/v2\/posts\/5121\/revisions\/5122"}],"wp:featuredmedia":[{"embeddable":true,"href":"https:\/\/shkk.rks-gov.net\/sr\/wp-json\/wp\/v2\/media\/5115"}],"wp:attachment":[{"href":"https:\/\/shkk.rks-gov.net\/sr\/wp-json\/wp\/v2\/media?parent=5121"}],"wp:term":[{"taxonomy":"category","embeddable":true,"href":"https:\/\/shkk.rks-gov.net\/sr\/wp-json\/wp\/v2\/categories?post=5121"},{"taxonomy":"post_tag","embeddable":true,"href":"https:\/\/shkk.rks-gov.net\/sr\/wp-json\/wp\/v2\/tags?post=5121"}],"curies":[{"name":"wp","href":"https:\/\/api.w.org\/{rel}","templated":true}]}}