{"id":3837,"date":"2025-02-11T13:31:39","date_gmt":"2025-02-11T13:31:39","guid":{"rendered":"https:\/\/shkk.rks-gov.net\/?p=3837"},"modified":"2025-02-14T11:29:12","modified_gmt":"2025-02-14T11:29:12","slug":"predsednica-osnovnog-suda-u-pristini-albina-sabani-rama-posetila-je-korektivni-vaspitni-centar-za-maloletnike-u-lipljanu","status":"publish","type":"post","link":"https:\/\/shkk.rks-gov.net\/sr\/2025\/02\/11\/predsednica-osnovnog-suda-u-pristini-albina-sabani-rama-posetila-je-korektivni-vaspitni-centar-za-maloletnike-u-lipljanu\/","title":{"rendered":"Predsednica Osnovnog suda u Pri\u0161tini Albina \u0160abani Rama posetila je Korektivni-vaspitni centar za maloletnike u Lipljanu."},"content":{"rendered":"<p>Predsednica Osnovnog suda u Pri\u0161tini g\u0111a. Albina \u0160abani Rama je zajedno sa sudijama Odeljenja za maloletnike posetila Korektivni-vaspitni centar za maloletnike u Lipljanu.<\/p>\n<p>&nbsp;<\/p>\n<p>Dobrodo\u0161licu im je po\u017eeleo vd zamenika generalnog direktora za bezbednost g. Besar Ga\u0161i, direktor Pravnog odeljenja, g. Demiri, i direktorka ustanove g\u0111a. Ardita Blakaj, sa svojim stru\u010dnim timom. Tokom posete g\u0111a. Blakaj je upoznao predsednika sa kapacitetima, uslovima i aktivnostima koje se tamo odvijaju.<\/p>\n<p>&nbsp;<\/p>\n<p>Ona je istakla maksimalne napore koji se ula\u017eu na prevaspitavanje i resocijalizaciju maloletnika, kroz anga\u017eovanje u vaspitno-obrazovnom procesu, programe rehabilitacije i stru\u010dno usavr\u0161avanje.<\/p>\n<p>&nbsp;<\/p>\n<p>S druge strane, g. Ga\u0161i je upoznao prisutne sa izazovima sa kojima se suo\u010dava Korektivna Slu\u017eba Kosova, isti\u010duc\u0301i te\u0161koc\u0301e u upravljanju zatvorenicima sa problemima mentalnog zdravlja, kao i inicijative za pro\u0161irenje kapaciteta Instituta za sudsku psihijatriju u Pri\u0161tini.<\/p>\n<p>&nbsp;<\/p>\n<p>Predsedavajuc\u0301i \u0160abani Rama se zahvalio na prijemu i kontinuiranoj saradnji, isti\u010duc\u0301i zna\u010daj razvoja aktivnosti koje doprinose resocijalizaciji maloletnika. Tokom sastanka razgovarano je i o pojedina\u010dnim slu\u010dajevima maloletnika sme\u0161tenih u ovoj ustanovi, gde je slu\u017ebenica za socijalni rad g\u0111a. Flaka Imeri je pru\u017eila detaljne informacije o njihovoj situaciji.<\/p>\n<p>&nbsp;<\/p>\n<p>U okviru posete, delegacija je obi\u0161la pritvorena maloletna lica, gde je imala priliku da izbliza vidi uslove i razgovara sa njima. Maloletnici su cenili korektno pona\u0161anje osoblja i ponu\u0111ene uslove, bez ikakvih pritu\u017ebi. U cilju nadzora nad izvr\u0161enjem vaspitno-korektivnih mera, predsednik i sudije su posetili i Vaspitno-obrazovnu ustanovu.<\/p>\n<p>&nbsp;<\/p>\n<p>Tamo su vodili razgovore sa maloletnicima, koji su ih informisali o aktivnostima koje im se nude, njihovom stru\u010dnom usavr\u0161avanju i anga\u017eovanju u razli\u010ditim programima.<\/p>\n<p>&nbsp;<\/p>\n<p>Na kraju posete ekipa je obi\u0161la radionice i objekte u kojima se odvija stru\u010dno usavr\u0161avanje, oceniv\u0161i da ustanova ima odgovarajuc\u0301e uslove za vaspitanje i resocijalizaciju maloletnika.<\/p>\n<p>&nbsp;<\/p>\n<p><img loading=\"lazy\" decoding=\"async\" class=\"alignnone size-medium wp-image-3825\" src=\"https:\/\/shkk.rks-gov.net\/wp-content\/uploads\/2025\/02\/477467260_18067380532873087_8712329831532763079_n-300x225.jpg\" alt=\"\" width=\"300\" height=\"225\" srcset=\"https:\/\/shkk.rks-gov.net\/wp-content\/uploads\/2025\/02\/477467260_18067380532873087_8712329831532763079_n-300x225.jpg 300w, https:\/\/shkk.rks-gov.net\/wp-content\/uploads\/2025\/02\/477467260_18067380532873087_8712329831532763079_n-1024x769.jpg 1024w, https:\/\/shkk.rks-gov.net\/wp-content\/uploads\/2025\/02\/477467260_18067380532873087_8712329831532763079_n-768x577.jpg 768w, https:\/\/shkk.rks-gov.net\/wp-content\/uploads\/2025\/02\/477467260_18067380532873087_8712329831532763079_n.jpg 1440w\" sizes=\"auto, (max-width: 300px) 100vw, 300px\" \/><img loading=\"lazy\" decoding=\"async\" class=\"alignnone size-medium wp-image-3822\" src=\"https:\/\/shkk.rks-gov.net\/wp-content\/uploads\/2025\/02\/476895079_18067380568873087_1799608847030013146_n-300x225.jpg\" alt=\"\" width=\"300\" height=\"225\" srcset=\"https:\/\/shkk.rks-gov.net\/wp-content\/uploads\/2025\/02\/476895079_18067380568873087_1799608847030013146_n-300x225.jpg 300w, https:\/\/shkk.rks-gov.net\/wp-content\/uploads\/2025\/02\/476895079_18067380568873087_1799608847030013146_n-1024x769.jpg 1024w, https:\/\/shkk.rks-gov.net\/wp-content\/uploads\/2025\/02\/476895079_18067380568873087_1799608847030013146_n-768x577.jpg 768w, https:\/\/shkk.rks-gov.net\/wp-content\/uploads\/2025\/02\/476895079_18067380568873087_1799608847030013146_n.jpg 1440w\" sizes=\"auto, (max-width: 300px) 100vw, 300px\" \/><img loading=\"lazy\" decoding=\"async\" class=\"alignnone size-medium wp-image-3819\" src=\"https:\/\/shkk.rks-gov.net\/wp-content\/uploads\/2025\/02\/476859236_18067380523873087_477400570815104612_n-300x225.jpg\" alt=\"\" width=\"300\" height=\"225\" srcset=\"https:\/\/shkk.rks-gov.net\/wp-content\/uploads\/2025\/02\/476859236_18067380523873087_477400570815104612_n-300x225.jpg 300w, https:\/\/shkk.rks-gov.net\/wp-content\/uploads\/2025\/02\/476859236_18067380523873087_477400570815104612_n-1024x769.jpg 1024w, https:\/\/shkk.rks-gov.net\/wp-content\/uploads\/2025\/02\/476859236_18067380523873087_477400570815104612_n-768x577.jpg 768w, https:\/\/shkk.rks-gov.net\/wp-content\/uploads\/2025\/02\/476859236_18067380523873087_477400570815104612_n.jpg 1440w\" sizes=\"auto, (max-width: 300px) 100vw, 300px\" \/><\/p>\n","protected":false},"excerpt":{"rendered":"<p>Predsednica Osnovnog suda u Pri\u0161tini g\u0111a. Albina \u0160abani Rama je zajedno sa sudijama Odeljenja za maloletnike posetila Korektivni-vaspitni centar za maloletnike u Lipljanu. &nbsp; Dobrodo\u0161licu im je po\u017eeleo vd zamenika generalnog direktora za bezbednost g. Besar Ga\u0161i, direktor Pravnog odeljenja, g. Demiri, i direktorka ustanove g\u0111a. Ardita Blakaj, sa svojim stru\u010dnim timom. Tokom posete g\u0111a. [&hellip;]<\/p>\n","protected":false},"author":2,"featured_media":3825,"comment_status":"open","ping_status":"open","sticky":false,"template":"","format":"standard","meta":{"footnotes":""},"categories":[6],"tags":[],"class_list":["post-3837","post","type-post","status-publish","format-standard","has-post-thumbnail","hentry","category-uncategorized-sr"],"acf":[],"_links":{"self":[{"href":"https:\/\/shkk.rks-gov.net\/sr\/wp-json\/wp\/v2\/posts\/3837","targetHints":{"allow":["GET"]}}],"collection":[{"href":"https:\/\/shkk.rks-gov.net\/sr\/wp-json\/wp\/v2\/posts"}],"about":[{"href":"https:\/\/shkk.rks-gov.net\/sr\/wp-json\/wp\/v2\/types\/post"}],"author":[{"embeddable":true,"href":"https:\/\/shkk.rks-gov.net\/sr\/wp-json\/wp\/v2\/users\/2"}],"replies":[{"embeddable":true,"href":"https:\/\/shkk.rks-gov.net\/sr\/wp-json\/wp\/v2\/comments?post=3837"}],"version-history":[{"count":1,"href":"https:\/\/shkk.rks-gov.net\/sr\/wp-json\/wp\/v2\/posts\/3837\/revisions"}],"predecessor-version":[{"id":3838,"href":"https:\/\/shkk.rks-gov.net\/sr\/wp-json\/wp\/v2\/posts\/3837\/revisions\/3838"}],"wp:featuredmedia":[{"embeddable":true,"href":"https:\/\/shkk.rks-gov.net\/sr\/wp-json\/wp\/v2\/media\/3825"}],"wp:attachment":[{"href":"https:\/\/shkk.rks-gov.net\/sr\/wp-json\/wp\/v2\/media?parent=3837"}],"wp:term":[{"taxonomy":"category","embeddable":true,"href":"https:\/\/shkk.rks-gov.net\/sr\/wp-json\/wp\/v2\/categories?post=3837"},{"taxonomy":"post_tag","embeddable":true,"href":"https:\/\/shkk.rks-gov.net\/sr\/wp-json\/wp\/v2\/tags?post=3837"}],"curies":[{"name":"wp","href":"https:\/\/api.w.org\/{rel}","templated":true}]}}